{"id":1601,"date":"2020-10-15T13:03:25","date_gmt":"2020-10-15T11:03:25","guid":{"rendered":"http:\/\/femarburg.de\/?p=1601"},"modified":"2021-02-10T14:59:54","modified_gmt":"2021-02-10T13:59:54","slug":"podcast-justitias-toechter-der-podcast-zu-feministischer-rechtspolitik","status":"publish","type":"post","link":"http:\/\/femarburg.de\/?p=1601","title":{"rendered":"PODCAST Justitias T\u00f6chter &#8211; Der Podcast zu feministischer Rechtspolitik"},"content":{"rendered":"<p><a href=\"https:\/\/www.djb.de\/projekte\/podcast-justitias-toechter\" target=\"_blank\" rel=\"noopener\">[Podcast] Justitias T\u00f6chter &#8211; Der Podcast zu feministischer Rechtspolitik<\/a><\/p>\n<p>Selma Gather und Dana Valentiner sprechen \u00fcber feministische Themen im Recht und mit Frauen \u00fcber Recht.<\/p>\n\n\n<p><\/p>\n","protected":false},"excerpt":{"rendered":"<p>[Podcast] Justitias T\u00f6chter &#8211; Der Podcast zu feministischer Rechtspolitik Selma Gather und Dana Valentiner sprechen \u00fcber feministische Themen im Recht und mit Frauen \u00fcber Recht.<\/p>\n","protected":false},"author":13,"featured_media":0,"comment_status":"closed","ping_status":"open","sticky":false,"template":"","format":"standard","meta":[],"categories":[5],"tags":[109,40,159,41],"_links":{"self":[{"href":"http:\/\/femarburg.de\/index.php?rest_route=\/wp\/v2\/posts\/1601"}],"collection":[{"href":"http:\/\/femarburg.de\/index.php?rest_route=\/wp\/v2\/posts"}],"about":[{"href":"http:\/\/femarburg.de\/index.php?rest_route=\/wp\/v2\/types\/post"}],"author":[{"embeddable":true,"href":"http:\/\/femarburg.de\/index.php?rest_route=\/wp\/v2\/users\/13"}],"replies":[{"embeddable":true,"href":"http:\/\/femarburg.de\/index.php?rest_route=%2Fwp%2Fv2%2Fcomments&post=1601"}],"version-history":[{"count":4,"href":"http:\/\/femarburg.de\/index.php?rest_route=\/wp\/v2\/posts\/1601\/revisions"}],"predecessor-version":[{"id":1783,"href":"http:\/\/femarburg.de\/index.php?rest_route=\/wp\/v2\/posts\/1601\/revisions\/1783"}],"wp:attachment":[{"href":"http:\/\/femarburg.de\/index.php?rest_route=%2Fwp%2Fv2%2Fmedia&parent=1601"}],"wp:term":[{"taxonomy":"category","embeddable":true,"href":"http:\/\/femarburg.de\/index.php?rest_route=%2Fwp%2Fv2%2Fcategories&post=1601"},{"taxonomy":"post_tag","embeddable":true,"href":"http:\/\/femarburg.de\/index.php?rest_route=%2Fwp%2Fv2%2Ftags&post=1601"}],"curies":[{"name":"wp","href":"https:\/\/api.w.org\/{rel}","templated":true}]}}