{"id":377,"date":"2013-11-14T10:27:36","date_gmt":"2013-11-14T09:27:36","guid":{"rendered":"http:\/\/femarburg.de\/?p=377"},"modified":"2013-11-21T09:09:52","modified_gmt":"2013-11-21T08:09:52","slug":"initiative-care-macht-mehr-bittet-um-unterstuetzung","status":"publish","type":"post","link":"http:\/\/femarburg.de\/?p=377","title":{"rendered":"Initiative &#8222;Care.Macht.Mehr&#8220; bittet um Unterst\u00fctzung"},"content":{"rendered":"<p><strong><a href=\"http:\/\/www.care-macht-mehr.com\">http:\/\/www.care-macht-mehr.com<\/a><\/strong><\/p>\n<p><strong>Die Initiative bittet um Unterst\u00fctzung<\/strong><\/p>\n<p>&#8222;Liebe Interessierte, liebe Kollegin und lieber Kollege,<\/p>\n<p>Wir m\u00f6chten Sie\/Dich zur Unterzeichnung unseres Care-Manifests gewinnen.<\/p>\n<p>Mit dieser Initiative m\u00f6chten wir Sorge, Zuwendung, Unterst\u00fctzung, Pflege &#8211;\u00a0 kurz gesagt \u201eCare\u201c &#8211; als Grundlage eines guten Lebens in den Mittelpunkt gesellschaftlicher Aufmerksamkeit r\u00fccken. Trotz einzelner Schritte, wie etwa dem in Deutschland inzwischen bestehenden Rechtsanspruch auf einen Kinderbetreuungsplatz auch vor dem dritten Lebensjahr, klaffen zwischen Angeboten und Bedarfen immer noch gravierende L\u00fccken. Betreuungspl\u00e4tze sind nur ein Aspekt des weiten Feldes von Care; \u00fcberall entwickeln sich in der bezahlten und unbezahlten Sorge f\u00fcr Kinder sowie f\u00fcr kranke, behinderte und alte Menschen zus\u00e4tzlich zu bislang nicht geschlossenen Versorgungsl\u00fccken neue und gravierende Mangellagen durch Privatisierungspolitiken, Sparprogramme, Finanzierungsengp\u00e4sse in St\u00e4dten und Gemeinden u.a.m.<\/p>\n<p>Unsere Initiative ist aus Treffen einer Runde engagierter Wissenschaftler_innen aus unterschiedlichen Bereichen in Deutschland, \u00d6sterreich und der Schweiz entstanden. Wir haben \u2013 wie viele andere in Europa derzeit ebenfalls \u2013 den Eindruck, dass es inzwischen gen\u00fcgend differenzierte Analysen der Schwierigkeiten in unterschiedlichen Care-Bereichen gibt. Dringlich erscheint uns nun das Anliegen, weitere \u00d6ffentlichkeiten zu erreichen, um auf die Notwendigkeit umfassend ver\u00e4nderter Strukturen von Sorge und Versorgung hinzuweisen&#8230;<a href=\"http:\/\/www.care-macht-mehr.com\" target=\"_blank\">mehr<\/a><\/p>\n<p>Wer das Care-Manifest unterzeichnen m\u00f6chte, schickt bitte eine entsprechende Nachricht an folgende email-Adresse:<\/p>\n<p><a href=\"mailto:info@care-macht-mehr.com\">info@care-macht-mehr.com<\/a> &lt;<a href=\"mailto:info@care-macht-mehr.com\">mailto:info@care-macht-mehr.com<\/a>&gt; oder unterzeichnet direkt auf\u00a0der \u00a0*Website* <a href=\"http:\/\/www.care-macht-mehr.com\">http:\/\/www.care-macht-mehr.com<\/a>.<\/p>\n","protected":false},"excerpt":{"rendered":"<p>http:\/\/www.care-macht-mehr.com Die Initiative bittet um Unterst\u00fctzung &#8222;Liebe Interessierte, liebe Kollegin und lieber Kollege, Wir m\u00f6chten Sie\/Dich zur Unterzeichnung unseres Care-Manifests gewinnen. Mit dieser Initiative m\u00f6chten wir Sorge, Zuwendung, Unterst\u00fctzung, Pflege &#8211;\u00a0 kurz gesagt \u201eCare\u201c &#8211; als Grundlage eines guten Lebens in den Mittelpunkt gesellschaftlicher Aufmerksamkeit r\u00fccken. Trotz einzelner Schritte, wie etwa dem in Deutschland inzwischen [&hellip;]<\/p>\n","protected":false},"author":5,"featured_media":0,"comment_status":"closed","ping_status":"open","sticky":false,"template":"","format":"aside","meta":[],"categories":[3,12],"tags":[158,29,31],"_links":{"self":[{"href":"http:\/\/femarburg.de\/index.php?rest_route=\/wp\/v2\/posts\/377"}],"collection":[{"href":"http:\/\/femarburg.de\/index.php?rest_route=\/wp\/v2\/posts"}],"about":[{"href":"http:\/\/femarburg.de\/index.php?rest_route=\/wp\/v2\/types\/post"}],"author":[{"embeddable":true,"href":"http:\/\/femarburg.de\/index.php?rest_route=\/wp\/v2\/users\/5"}],"replies":[{"embeddable":true,"href":"http:\/\/femarburg.de\/index.php?rest_route=%2Fwp%2Fv2%2Fcomments&post=377"}],"version-history":[{"count":5,"href":"http:\/\/femarburg.de\/index.php?rest_route=\/wp\/v2\/posts\/377\/revisions"}],"predecessor-version":[{"id":432,"href":"http:\/\/femarburg.de\/index.php?rest_route=\/wp\/v2\/posts\/377\/revisions\/432"}],"wp:attachment":[{"href":"http:\/\/femarburg.de\/index.php?rest_route=%2Fwp%2Fv2%2Fmedia&parent=377"}],"wp:term":[{"taxonomy":"category","embeddable":true,"href":"http:\/\/femarburg.de\/index.php?rest_route=%2Fwp%2Fv2%2Fcategories&post=377"},{"taxonomy":"post_tag","embeddable":true,"href":"http:\/\/femarburg.de\/index.php?rest_route=%2Fwp%2Fv2%2Ftags&post=377"}],"curies":[{"name":"wp","href":"https:\/\/api.w.org\/{rel}","templated":true}]}}