{"id":495,"date":"2013-11-29T16:02:38","date_gmt":"2013-11-29T15:02:38","guid":{"rendered":"http:\/\/femarburg.de\/?p=495"},"modified":"2014-03-13T08:56:09","modified_gmt":"2014-03-13T07:56:09","slug":"appell-fuer-prostitution-fuer-die-staerkung-der-rechte-und-fuer-die-verbesserung-der-lebens-und-arbeitsbedingungen-von-menschen-in-der-sexarbeit","status":"publish","type":"post","link":"http:\/\/femarburg.de\/?p=495","title":{"rendered":"Appell F\u00dcR Prostitution &#8211; f\u00fcr die St\u00e4rkung der Rechte und f\u00fcr die Verbesserung der Lebens- und Arbeitsbedingungen von Menschen in der Sexarbeit"},"content":{"rendered":"<p><a href=\"http:\/\/www.sexwork-deutschland.de\/Prostituierten-Vereinigung\/Aktuelles\/Eintrage\/2013\/10\/29_Appell_fur_Prostitution.html\"><strong><span style=\"font-size: small;\">Appell F\u00dcR Prostitution &#8211; f\u00fcr die St\u00e4rkung der Rechte und f\u00fcr die Verbesserung der Lebens- und Arbeitsbedingungen von Menschen in der Sexarbeit<\/span><\/strong><\/a><\/p>\n<p>&nbsp;<\/p>\n","protected":false},"excerpt":{"rendered":"<p>Appell F\u00dcR Prostitution &#8211; f\u00fcr die St\u00e4rkung der Rechte und f\u00fcr die Verbesserung der Lebens- und Arbeitsbedingungen von Menschen in der Sexarbeit &nbsp;<\/p>\n","protected":false},"author":5,"featured_media":0,"comment_status":"closed","ping_status":"open","sticky":false,"template":"","format":"status","meta":[],"categories":[12,3],"tags":[],"_links":{"self":[{"href":"http:\/\/femarburg.de\/index.php?rest_route=\/wp\/v2\/posts\/495"}],"collection":[{"href":"http:\/\/femarburg.de\/index.php?rest_route=\/wp\/v2\/posts"}],"about":[{"href":"http:\/\/femarburg.de\/index.php?rest_route=\/wp\/v2\/types\/post"}],"author":[{"embeddable":true,"href":"http:\/\/femarburg.de\/index.php?rest_route=\/wp\/v2\/users\/5"}],"replies":[{"embeddable":true,"href":"http:\/\/femarburg.de\/index.php?rest_route=%2Fwp%2Fv2%2Fcomments&post=495"}],"version-history":[{"count":1,"href":"http:\/\/femarburg.de\/index.php?rest_route=\/wp\/v2\/posts\/495\/revisions"}],"predecessor-version":[{"id":496,"href":"http:\/\/femarburg.de\/index.php?rest_route=\/wp\/v2\/posts\/495\/revisions\/496"}],"wp:attachment":[{"href":"http:\/\/femarburg.de\/index.php?rest_route=%2Fwp%2Fv2%2Fmedia&parent=495"}],"wp:term":[{"taxonomy":"category","embeddable":true,"href":"http:\/\/femarburg.de\/index.php?rest_route=%2Fwp%2Fv2%2Fcategories&post=495"},{"taxonomy":"post_tag","embeddable":true,"href":"http:\/\/femarburg.de\/index.php?rest_route=%2Fwp%2Fv2%2Ftags&post=495"}],"curies":[{"name":"wp","href":"https:\/\/api.w.org\/{rel}","templated":true}]}}